{"id":7149,"date":"2026-01-22T12:56:54","date_gmt":"2026-01-22T11:56:54","guid":{"rendered":"https:\/\/mjcloreillecassee.com\/home1\/?p=7149"},"modified":"2026-02-02T11:13:20","modified_gmt":"2026-02-02T10:13:20","slug":"concert-cheptel-animae-vendredi-23-janvier-2026","status":"publish","type":"post","link":"https:\/\/mjcloreillecassee.com\/home1\/concert-cheptel-animae-vendredi-23-janvier-2026\/","title":{"rendered":"Concert &#8211; CHEPTEL + ANIM\u00c6 &#8211; Vendredi 23 janvier 2026"},"content":{"rendered":"<div class=\"wp-block-image\">\n<figure class=\"alignleft size-medium\"><img data-recalc-dims=\"1\" loading=\"lazy\" decoding=\"async\" width=\"212\" height=\"300\" src=\"https:\/\/i0.wp.com\/mjcloreillecassee.com\/home1\/wp-content\/uploads\/2025\/12\/CONCERT-janv-26.jpg?resize=212%2C300&#038;ssl=1\" alt=\"\" class=\"wp-image-7144\" srcset=\"https:\/\/i0.wp.com\/mjcloreillecassee.com\/home1\/wp-content\/uploads\/2025\/12\/CONCERT-janv-26.jpg?resize=212%2C300&amp;ssl=1 212w, https:\/\/i0.wp.com\/mjcloreillecassee.com\/home1\/wp-content\/uploads\/2025\/12\/CONCERT-janv-26.jpg?resize=724%2C1024&amp;ssl=1 724w, https:\/\/i0.wp.com\/mjcloreillecassee.com\/home1\/wp-content\/uploads\/2025\/12\/CONCERT-janv-26.jpg?resize=106%2C150&amp;ssl=1 106w, https:\/\/i0.wp.com\/mjcloreillecassee.com\/home1\/wp-content\/uploads\/2025\/12\/CONCERT-janv-26.jpg?resize=768%2C1086&amp;ssl=1 768w, https:\/\/i0.wp.com\/mjcloreillecassee.com\/home1\/wp-content\/uploads\/2025\/12\/CONCERT-janv-26.jpg?w=800&amp;ssl=1 800w\" sizes=\"auto, (max-width: 212px) 100vw, 212px\" \/><\/figure><\/div>\n\n\n<h2 class=\"wp-block-heading\">Concert &#8211; CHEPTEL + ANIM\u00c6 &#8211; Vendredi 23 janvier 2026 \u2013 21h<\/h2>\n\n\n\n<p><strong>CHEPTEL<\/strong> chante des \u00e9pop\u00e9es et murmure des secrets. Chaque morceau est un th\u00e9\u00e2tre pour des sentiments extr\u00eames, contradictoires, dans une instrumentation \u00e0 la crois\u00e9e des genres pop, folk, et rock progressif.<br><strong>ANIM\u00c6<\/strong>, Port\u00e9 par une voix f\u00e9minine, entre parl\u00e9, cri\u00e9 et chant\u00e9 en fran\u00e7ais, l\u2019auditeur est entra\u00een\u00e9 \u00e0 errer dans le monde d\u2019Ordal. A travers de nombreux paysages d\u00e9crits, des constats alarmants mais \u00e9galement teint\u00e9s de Romantisme. Un pied dans la vague stoner\/noise actuelle, et l\u2019autre dans le courant progressif des ann\u00e9es 70\u2019 qui l\u2019a berc\u00e9, le projet propose en live une exp\u00e9rience immersive.<\/p>\n\n\n\n<p class=\"has-text-align-center\">Bar et snack sur place<\/p>\n\n\n\n<div class=\"wp-block-buttons is-content-justification-center is-layout-flex wp-container-core-buttons-is-layout-16018d1d wp-block-buttons-is-layout-flex\">\n<div class=\"wp-block-button\"><a class=\"wp-block-button__link wp-element-button\" href=\"https:\/\/yurplan.com\/orga\/MJC-LOreille-Cassee\/24424\">R\u00e9server en ligne<\/a><\/div>\n<\/div>\n\n\n\n<p>Rendez-vous \u00e0 la MJC<br>1 place du p\u00e8re Andr\u00e9 Jarlan \u2013 77380 Combs-la-ville.<br> RER D, Bus 3711.<br> Plus d\u2019infos au 01.60.60.76.98<\/p>\n","protected":false},"excerpt":{"rendered":"<p>Concert &#8211; CHEPTEL + ANIM\u00c6 &#8211; Vendredi 23 janvier 2026 \u2013 21h CHEPTEL chante des \u00e9pop\u00e9es et murmure des secrets. Chaque morceau est un th\u00e9\u00e2tre pour des sentiments extr\u00eames, contradictoires, dans une instrumentation \u00e0 la crois\u00e9e des genres pop, folk, et rock progressif.ANIM\u00c6, Port\u00e9 par une voix f\u00e9minine, entre parl\u00e9,&#8230;<\/p>\n<p> <a class=\"continue-reading-link\" href=\"https:\/\/mjcloreillecassee.com\/home1\/concert-cheptel-animae-vendredi-23-janvier-2026\/\"><span>lire la suite<\/span><i class=\"crycon-right-dir\"><\/i><\/a> <\/p>\n","protected":false},"author":3,"featured_media":0,"comment_status":"closed","ping_status":"closed","sticky":false,"template":"","format":"standard","meta":{"jetpack_post_was_ever_published":false,"_jetpack_newsletter_access":"","_jetpack_dont_email_post_to_subs":false,"_jetpack_newsletter_tier_id":0,"_jetpack_memberships_contains_paywalled_content":false,"_jetpack_memberships_contains_paid_content":false,"footnotes":"","jetpack_publicize_message":"","jetpack_publicize_feature_enabled":true,"jetpack_social_post_already_shared":true,"jetpack_social_options":{"image_generator_settings":{"template":"highway","default_image_id":0,"font":"","enabled":false},"version":2}},"categories":[24,8,13],"tags":[],"class_list":["post-7149","post","type-post","status-publish","format-standard","hentry","category-concerts","category-evenements-passes","category-soiree-musicale"],"jetpack_publicize_connections":[],"jetpack_featured_media_url":"","jetpack_sharing_enabled":true,"jetpack_shortlink":"https:\/\/wp.me\/paMDLU-1Rj","_links":{"self":[{"href":"https:\/\/mjcloreillecassee.com\/home1\/wp-json\/wp\/v2\/posts\/7149","targetHints":{"allow":["GET"]}}],"collection":[{"href":"https:\/\/mjcloreillecassee.com\/home1\/wp-json\/wp\/v2\/posts"}],"about":[{"href":"https:\/\/mjcloreillecassee.com\/home1\/wp-json\/wp\/v2\/types\/post"}],"author":[{"embeddable":true,"href":"https:\/\/mjcloreillecassee.com\/home1\/wp-json\/wp\/v2\/users\/3"}],"replies":[{"embeddable":true,"href":"https:\/\/mjcloreillecassee.com\/home1\/wp-json\/wp\/v2\/comments?post=7149"}],"version-history":[{"count":2,"href":"https:\/\/mjcloreillecassee.com\/home1\/wp-json\/wp\/v2\/posts\/7149\/revisions"}],"predecessor-version":[{"id":7151,"href":"https:\/\/mjcloreillecassee.com\/home1\/wp-json\/wp\/v2\/posts\/7149\/revisions\/7151"}],"wp:attachment":[{"href":"https:\/\/mjcloreillecassee.com\/home1\/wp-json\/wp\/v2\/media?parent=7149"}],"wp:term":[{"taxonomy":"category","embeddable":true,"href":"https:\/\/mjcloreillecassee.com\/home1\/wp-json\/wp\/v2\/categories?post=7149"},{"taxonomy":"post_tag","embeddable":true,"href":"https:\/\/mjcloreillecassee.com\/home1\/wp-json\/wp\/v2\/tags?post=7149"}],"curies":[{"name":"wp","href":"https:\/\/api.w.org\/{rel}","templated":true}]}}