{"id":7189,"date":"2026-03-11T10:29:04","date_gmt":"2026-03-11T09:29:04","guid":{"rendered":"https:\/\/mjcloreillecassee.com\/home1\/?p=7189"},"modified":"2026-03-11T10:29:05","modified_gmt":"2026-03-11T09:29:05","slug":"concert-eric-fischer-acoustic-4tet-jeff-acoustic-1-tete-samedi-28-mars-2026","status":"publish","type":"post","link":"https:\/\/mjcloreillecassee.com\/home1\/concert-eric-fischer-acoustic-4tet-jeff-acoustic-1-tete-samedi-28-mars-2026\/","title":{"rendered":"Concert &#8211; Eric Fischer Acoustic 4tet + Jeff Acoustic 1 t\u00eate &#8211; Samedi 28 mars 2026"},"content":{"rendered":"<div class=\"wp-block-image\">\n<figure class=\"alignleft size-medium\"><img data-recalc-dims=\"1\" loading=\"lazy\" decoding=\"async\" width=\"212\" height=\"300\" src=\"https:\/\/i0.wp.com\/mjcloreillecassee.com\/home1\/wp-content\/uploads\/2026\/03\/EricFischer.jpg?resize=212%2C300&#038;ssl=1\" alt=\"\" class=\"wp-image-7185\" srcset=\"https:\/\/i0.wp.com\/mjcloreillecassee.com\/home1\/wp-content\/uploads\/2026\/03\/EricFischer.jpg?resize=212%2C300&amp;ssl=1 212w, https:\/\/i0.wp.com\/mjcloreillecassee.com\/home1\/wp-content\/uploads\/2026\/03\/EricFischer.jpg?resize=724%2C1024&amp;ssl=1 724w, https:\/\/i0.wp.com\/mjcloreillecassee.com\/home1\/wp-content\/uploads\/2026\/03\/EricFischer.jpg?resize=106%2C150&amp;ssl=1 106w, https:\/\/i0.wp.com\/mjcloreillecassee.com\/home1\/wp-content\/uploads\/2026\/03\/EricFischer.jpg?resize=768%2C1086&amp;ssl=1 768w, https:\/\/i0.wp.com\/mjcloreillecassee.com\/home1\/wp-content\/uploads\/2026\/03\/EricFischer.jpg?w=800&amp;ssl=1 800w\" sizes=\"auto, (max-width: 212px) 100vw, 212px\" \/><\/figure><\/div>\n\n\n<h2 class=\"wp-block-heading\">Concert &#8211; Eric Fischer Acoustic 4tet + Jeff Acoustic 1 t\u00eate &#8211; Samedi 28 mars 2026 \u2013 21h<\/h2>\n\n\n\n<p><strong>Le 4tet<\/strong> propose, outre des titres des pr\u00e9c\u00e9dents albums, un nouveau programme consacr\u00e9 au Blues, plus exactement la lecture que j\u2019en fais via ma propre musique.<br>Il s\u2019agit d\u2019aller \u00e0 la rencontre de cette \u00ab m\u00e9lancolie universelle\u00bb pr\u00e9sente dans toutes les cultures (blues, saudade, fado, klezmer, lass\u00f9,\u2026), de sa profondeur et de son \u00e9nergie, avec notre sensibilit\u00e9 d\u2019aujourd\u2019hui et possiblement de demain.<\/p>\n\n\n\n<p class=\"has-text-align-center\"><strong>Tarif unique 8\u20ac<\/strong><\/p>\n\n\n\n<p>Rendez-vous \u00e0 la MJC<br>1 place du p\u00e8re Andr\u00e9 Jarlan \u2013 77380 Combs-la-ville.<br> RER D, Bus 3711.<br> Plus d\u2019infos au 01.60.60.76.98<\/p>\n","protected":false},"excerpt":{"rendered":"<p>Concert &#8211; Eric Fischer Acoustic 4tet + Jeff Acoustic 1 t\u00eate &#8211; Samedi 28 mars 2026 \u2013 21h Le 4tet propose, outre des titres des pr\u00e9c\u00e9dents albums, un nouveau programme consacr\u00e9 au Blues, plus exactement la lecture que j\u2019en fais via ma propre musique.Il s\u2019agit d\u2019aller \u00e0 la rencontre de&#8230;<\/p>\n<p> <a class=\"continue-reading-link\" href=\"https:\/\/mjcloreillecassee.com\/home1\/concert-eric-fischer-acoustic-4tet-jeff-acoustic-1-tete-samedi-28-mars-2026\/\"><span>lire la suite<\/span><i class=\"crycon-right-dir\"><\/i><\/a> <\/p>\n","protected":false},"author":3,"featured_media":0,"comment_status":"closed","ping_status":"closed","sticky":false,"template":"","format":"standard","meta":{"jetpack_post_was_ever_published":false,"_jetpack_newsletter_access":"","_jetpack_dont_email_post_to_subs":false,"_jetpack_newsletter_tier_id":0,"_jetpack_memberships_contains_paywalled_content":false,"_jetpack_memberships_contains_paid_content":false,"footnotes":"","jetpack_publicize_message":"","jetpack_publicize_feature_enabled":true,"jetpack_social_post_already_shared":true,"jetpack_social_options":{"image_generator_settings":{"template":"highway","default_image_id":0,"font":"","enabled":false},"version":2}},"categories":[35,24,7,13],"tags":[],"class_list":["post-7189","post","type-post","status-publish","format-standard","hentry","category-a-la-une","category-concerts","category-evenements-a-venir","category-soiree-musicale"],"jetpack_publicize_connections":[],"jetpack_featured_media_url":"","jetpack_sharing_enabled":true,"jetpack_shortlink":"https:\/\/wp.me\/paMDLU-1RX","_links":{"self":[{"href":"https:\/\/mjcloreillecassee.com\/home1\/wp-json\/wp\/v2\/posts\/7189","targetHints":{"allow":["GET"]}}],"collection":[{"href":"https:\/\/mjcloreillecassee.com\/home1\/wp-json\/wp\/v2\/posts"}],"about":[{"href":"https:\/\/mjcloreillecassee.com\/home1\/wp-json\/wp\/v2\/types\/post"}],"author":[{"embeddable":true,"href":"https:\/\/mjcloreillecassee.com\/home1\/wp-json\/wp\/v2\/users\/3"}],"replies":[{"embeddable":true,"href":"https:\/\/mjcloreillecassee.com\/home1\/wp-json\/wp\/v2\/comments?post=7189"}],"version-history":[{"count":1,"href":"https:\/\/mjcloreillecassee.com\/home1\/wp-json\/wp\/v2\/posts\/7189\/revisions"}],"predecessor-version":[{"id":7193,"href":"https:\/\/mjcloreillecassee.com\/home1\/wp-json\/wp\/v2\/posts\/7189\/revisions\/7193"}],"wp:attachment":[{"href":"https:\/\/mjcloreillecassee.com\/home1\/wp-json\/wp\/v2\/media?parent=7189"}],"wp:term":[{"taxonomy":"category","embeddable":true,"href":"https:\/\/mjcloreillecassee.com\/home1\/wp-json\/wp\/v2\/categories?post=7189"},{"taxonomy":"post_tag","embeddable":true,"href":"https:\/\/mjcloreillecassee.com\/home1\/wp-json\/wp\/v2\/tags?post=7189"}],"curies":[{"name":"wp","href":"https:\/\/api.w.org\/{rel}","templated":true}]}}